{"id":1336,"date":"2026-02-23T18:09:10","date_gmt":"2026-02-23T18:09:10","guid":{"rendered":"https:\/\/www.chceuprawiacztobasens.pl\/?p=1336"},"modified":"2026-02-24T09:39:02","modified_gmt":"2026-02-24T09:39:02","slug":"depresja-jako-stan-przeciazenia-perspektywa-doswiadczenia-i-mechanizmu","status":"publish","type":"post","link":"https:\/\/www.chceuprawiacztobasens.pl\/index.php\/2026\/02\/23\/depresja-jako-stan-przeciazenia-perspektywa-doswiadczenia-i-mechanizmu\/","title":{"rendered":"Depresja jako stan przeci\u0105\u017cenia: perspektywa do\u015bwiadczenia i mechanizmu"},"content":{"rendered":"\n<h2 class=\"wp-block-heading p1\">23 lutego \u2013 Dzie\u0144 Walki z Depresj\u0105.<\/h2>\n\n\n\n<p class=\"p1\">Przez lata spotyka\u0142em depresj\u0119 w r\u00f3\u017cnych miejscach. W gabinecie. W rozmowach. W ciszy ludzi, kt\u00f3rzy \u201emieli wszystko\u201d, a nie mieli si\u0142y wsta\u0107 z \u0142\u00f3\u017cka. I w momentach, w kt\u00f3rych sam do\u015bwiadcza\u0142em, jak cienka jest granica mi\u0119dzy przeci\u0105\u017ceniem a odci\u0119ciem.<\/p>\n\n\n\n<p class=\"p1\">Depresja rzadko wygl\u0105da tak, jak pokazuj\u0105 j\u0105 plakaty kampanii spo\u0142ecznych. Nie zawsze jest p\u0142aczem. Nie zawsze jest dramatem. Cz\u0119sto jest cisz\u0105. Spowolnieniem. Zanikaniem koloru. Brakiem sensu, kt\u00f3ry trudno komukolwiek wyt\u0142umaczy\u0107.<\/p>\n\n\n\n<h2 class=\"wp-block-heading p1\">Z klinicznego punktu widzenia <\/h2>\n\n\n\n<p class=\"p1\">epizod depresyjny obejmuje obni\u017cony nastr\u00f3j, anhedoni\u0119, spadek energii, zaburzenia snu, trudno\u015bci z koncentracj\u0105 i poczucie bezwarto\u015bciowo\u015bci (American Psychiatric Association, 2022). To opis objaw\u00f3w. Ale opis nie m\u00f3wi jeszcze, czym ten stan jest.<\/p>\n\n\n\n<p class=\"p1\">Coraz cz\u0119\u015bciej patrz\u0119 na depresj\u0119 nie tylko jak na zaburzenie, ale jak na stan przeci\u0105\u017cenia.<\/p>\n\n\n\n<h2 class=\"wp-block-heading p1\">Organizm ma swoje granice. <\/h2>\n\n\n\n<p class=\"p1\">Uk\u0142ad nerwowy ma swoje mo\u017cliwo\u015bci regulacyjne. Je\u015bli przez d\u0142ugi czas funkcjonujemy w napi\u0119ciu \u2013 emocjonalnym, relacyjnym, zawodowym \u2013 system mobilizacji dzia\u0142a bez przerwy. A kiedy mobilizacja trwa za d\u0142ugo, cia\u0142o zaczyna oszcz\u0119dza\u0107. McEwen (2007) opisa\u0142 to jako koszt allostatyczny \u2013 cen\u0119, jak\u0105 organizm p\u0142aci za przewlek\u0142y stres. W pewnym momencie mechanizm przestaje polega\u0107 na \u201ewalcz i dzia\u0142aj\u201d, a zaczyna na \u201ewycofaj si\u0119 i oszcz\u0119dzaj energi\u0119\u201d.<\/p>\n\n\n\n<p class=\"p1\">Z zewn\u0105trz wygl\u0105da to jak brak motywacji.<\/p>\n\n\n\n<h2 class=\"wp-block-heading p1\">Od \u015brodka to cz\u0119sto brak zasob\u00f3w.<\/h2>\n\n\n\n<p class=\"p1\">Neurobiologicznie wi\u0105\u017ce si\u0119 to ze zmianami w osi podwzg\u00f3rze\u2013przysadka\u2013nadnercza, w poziomie kortyzolu oraz w funkcjonowaniu uk\u0142ad\u00f3w dopaminergicznych i serotoninergicznych (Krishnan &amp; Nestler, 2008). Kiedy system nagrody przestaje reagowa\u0107 tak jak wcze\u015bniej, \u015bwiat traci smak. To nie jest decyzja. To jest proces.<\/p>\n\n\n\n<p class=\"p1\">Jednym z najbardziej bolesnych aspekt\u00f3w depresji jest jednak nie sam stan, ale interpretacja. Wiele os\u00f3b zaczyna wierzy\u0107, \u017ce to z nimi \u201eco\u015b jest nie tak\u201d. \u017be s\u0105 s\u0142abe. \u017be nie radz\u0105 sobie tak, jak inni. Tymczasem badania epidemiologiczne pokazuj\u0105, \u017ce epizod depresyjny w ci\u0105gu \u017cycia do\u015bwiadcza bardzo du\u017cy odsetek populacji (Kessler et al., 2003). To nie jest rzadko\u015b\u0107. To ludzkie do\u015bwiadczenie.<\/p>\n\n\n\n<p class=\"p1\">W pracy terapeutycznej cz\u0119sto widz\u0119, \u017ce prze\u0142om nie zaczyna si\u0119 od \u201emotywacji\u201d. Zaczyna si\u0119 od zmiany pytania.<\/p>\n\n\n\n<p class=\"p1\">Zamiast:<\/p>\n\n\n\n<p class=\"p1\">\u201eDlaczego jestem taki s\u0142aby?\u201d<\/p>\n\n\n\n<p class=\"p1\">pojawia si\u0119:<\/p>\n\n\n\n<p class=\"p1\">\u201eCzego by\u0142o dla mnie za du\u017co?\u201d<\/p>\n\n\n\n<p class=\"p1\">To subtelna zmiana, ale ma ogromne znaczenie regulacyjne. Kiedy przestajemy walczy\u0107 z samym sob\u0105, napi\u0119cie zaczyna si\u0119 obni\u017ca\u0107. Badania nad samowsp\u00f3\u0142czuciem pokazuj\u0105, \u017ce bardziej \u017cyczliwe podej\u015bcie do w\u0142asnego cierpienia wi\u0105\u017ce si\u0119 z lepsz\u0105 regulacj\u0105 emocjonaln\u0105 i ni\u017cszym nasileniem objaw\u00f3w depresyjnych (Neff, 2003).<\/p>\n\n\n\n<h2 class=\"wp-block-heading p1\">Depresja nie jest to\u017csamo\u015bci\u0105. <\/h2>\n\n\n\n<p class=\"p1\">Jest stanem. Stanem, kt\u00f3ry ma sw\u00f3j pocz\u0105tek, przebieg i \u2013 przy odpowiednim wsparciu \u2013 koniec. Terapia poznawcza wskazuje, \u017ce spos\u00f3b interpretowania siebie i \u015bwiata ma realny wp\u0142yw na utrzymywanie si\u0119 epizodu (Beck, 1979). Ale nawet zmiana my\u015bli nie wydarzy si\u0119, je\u015bli organizm jest skrajnie wyczerpany.<\/p>\n\n\n\n<p class=\"p1\">Dlatego leczenie depresji to nie tylko praca nad przekonaniami. To r\u00f3wnie\u017c odbudowywanie zasob\u00f3w: snu, rytmu dnia, relacji, bezpiecze\u0144stwa. To stopniowe wychodzenie z trybu przetrwania.<\/p>\n\n\n\n<p class=\"p1\">W Dniu Walki z Depresj\u0105 chc\u0119 powiedzie\u0107 co\u015b, co dla wielu os\u00f3b bywa odci\u0105\u017caj\u0105ce:<\/p>\n\n\n\n<p class=\"p1 has-large-font-size\">Depresja nie jest dowodem na twoj\u0105 s\u0142abo\u015b\u0107.<\/p>\n\n\n\n<p class=\"p1\">Mo\u017ce by\u0107 sygna\u0142em, \u017ce co\u015b przez d\u0142ugi czas by\u0142o ponad twoje mo\u017cliwo\u015bci regulacyjne.<\/p>\n\n\n\n<p class=\"p1\">To nie oznacza, \u017ce masz przez to przechodzi\u0107 sam. Wsparcie psychoterapeutyczne, farmakologiczne lub \u015brodowiskowe bywa nie tylko pomocne, ale konieczne. To nie jest kwestia \u201esi\u0142y woli\u201d.<\/p>\n\n\n\n<p class=\"p1\">Zmiana sposobu patrzenia na depresj\u0119 \u2013 z moralnej oceny na rozumienie mechanizmu \u2013 nie zast\u0119puje leczenia. Ale mo\u017ce by\u0107 pierwszym krokiem do wi\u0119kszej \u0142agodno\u015bci wobec siebie.<\/p>\n\n\n\n<p class=\"p1\">A z tego miejsca zaczyna si\u0119 realne zdrowienie.<\/p>\n\n\n\n<hr class=\"wp-block-separator has-alpha-channel-opacity\"\/>\n\n\n\n<div class=\"wp-block-buttons is-content-justification-center is-layout-flex wp-container-core-buttons-is-layout-a89b3969 wp-block-buttons-is-layout-flex\">\n<div class=\"wp-block-button sens-button-brown\"><a class=\"wp-block-button__link wp-element-button\" href=\"https:\/\/www.chceuprawiacztobasens.pl\/index.php\/styl-przywiazania-ecr-r\/?utm_source=website&amp;utm_medium=cta&amp;utm_content=hero\" target=\"_blank\" rel=\"noreferrer noopener\">Sprawd\u017a jak reagujesz w blisko\u015bci ( 4 min )<\/a><\/div>\n<\/div>\n\n\n\n<p class=\"has-small-font-size\">*Bezp\u0142atny test \u2013 w 4 minuty zobaczysz, dlaczego w relacjach reagujesz w\u0142a\u015bnie tak i co mo\u017cesz z tym zrobi\u0107.<\/p>\n\n\n\n<hr class=\"wp-block-separator has-alpha-channel-opacity\"\/>\n\n\n\n<h2 class=\"wp-block-heading p3\">Bibliografia<\/h2>\n\n\n\n<p class=\"p1\">American Psychiatric Association. (2022). Diagnostic and statistical manual of mental disorders (5th ed., text rev.). American Psychiatric Association Publishing.<\/p>\n\n\n\n<p class=\"p1\">Beck, A. T. (1979). Cognitive therapy of depression. Guilford Press.<\/p>\n\n\n\n<p class=\"p1\">Kessler, R. C., Berglund, P., Demler, O., Jin, R., Koretz, D., Merikangas, K. R., Rush, A. J., Walters, E. E., &amp; Wang, P. S. (2003). The epidemiology of major depressive disorder. JAMA, 289(23), 3095\u20133105.<\/p>\n\n\n\n<p class=\"p1\">Krishnan, V., &amp; Nestler, E. J. (2008). The molecular neurobiology of depression. Nature, 455(7215), 894\u2013902.<\/p>\n\n\n\n<p class=\"p1\">McEwen, B. S. (2007). Physiology and neurobiology of stress and adaptation: Central role of the brain. Physiological Reviews, 87(3), 873\u2013904.<\/p>\n\n\n\n<p class=\"p1\">Neff, K. D. (2003). Self-compassion: An alternative conceptualization of a healthy attitude toward oneself. Self and Identity, 2(2), 85\u2013101.<\/p>\n","protected":false},"excerpt":{"rendered":"<p>Depresja to nie s\u0142abo\u015b\u0107, lecz stan przeci\u0105\u017cenia uk\u0142adu nerwowego. Sprawd\u017a, jak rozumie\u0107 jej mechanizm i jak zacz\u0105\u0107 proces zdrowienia.<\/p>\n","protected":false},"author":1,"featured_media":1340,"comment_status":"closed","ping_status":"open","sticky":false,"template":"","format":"standard","meta":{"_jetpack_memberships_contains_paid_content":false,"footnotes":""},"categories":[18,51],"tags":[69,73,75,76,30,20],"class_list":["post-1336","post","type-post","status-publish","format-standard","has-post-thumbnail","hentry","category-neurobiologia","category-psychologia","tag-cbt","tag-chce-uprawiac-z-toba-sens","tag-depresja","tag-dzien-walki-z-depresja","tag-neurobilogia","tag-psychologia"],"yoast_head":"<!-- This site is optimized with the Yoast SEO plugin v27.4 - https:\/\/yoast.com\/product\/yoast-seo-wordpress\/ -->\n<title>Depresja jako stan przeci\u0105\u017cenia: perspektywa do\u015bwiadczenia i mechanizmu - Chc\u0119 uprawia\u0107 z Tob\u0105 sens<\/title>\n<meta name=\"robots\" content=\"index, follow, max-snippet:-1, max-image-preview:large, max-video-preview:-1\" \/>\n<link rel=\"canonical\" href=\"https:\/\/www.chceuprawiacztobasens.pl\/index.php\/2026\/02\/23\/depresja-jako-stan-przeciazenia-perspektywa-doswiadczenia-i-mechanizmu\/\" \/>\n<meta property=\"og:locale\" content=\"pl_PL\" \/>\n<meta property=\"og:type\" content=\"article\" \/>\n<meta property=\"og:title\" content=\"Depresja jako stan przeci\u0105\u017cenia: perspektywa do\u015bwiadczenia i mechanizmu - Chc\u0119 uprawia\u0107 z Tob\u0105 sens\" \/>\n<meta property=\"og:description\" content=\"Depresja to nie s\u0142abo\u015b\u0107, lecz stan przeci\u0105\u017cenia uk\u0142adu nerwowego. Sprawd\u017a, jak rozumie\u0107 jej mechanizm i jak zacz\u0105\u0107 proces zdrowienia.\" \/>\n<meta property=\"og:url\" content=\"https:\/\/www.chceuprawiacztobasens.pl\/index.php\/2026\/02\/23\/depresja-jako-stan-przeciazenia-perspektywa-doswiadczenia-i-mechanizmu\/\" \/>\n<meta property=\"og:site_name\" content=\"Chc\u0119 uprawia\u0107 z Tob\u0105 sens\" \/>\n<meta property=\"article:published_time\" content=\"2026-02-23T18:09:10+00:00\" \/>\n<meta property=\"article:modified_time\" content=\"2026-02-24T09:39:02+00:00\" \/>\n<meta property=\"og:image\" content=\"https:\/\/www.chceuprawiacztobasens.pl\/wp-content\/uploads\/2026\/02\/img_2507.jpg\" \/>\n\t<meta property=\"og:image:width\" content=\"1500\" \/>\n\t<meta property=\"og:image:height\" content=\"2000\" \/>\n\t<meta property=\"og:image:type\" content=\"image\/jpeg\" \/>\n<meta name=\"author\" content=\"Piotrek\" \/>\n<meta name=\"twitter:card\" content=\"summary_large_image\" \/>\n<meta name=\"twitter:label1\" content=\"Napisane przez\" \/>\n\t<meta name=\"twitter:data1\" content=\"Piotrek\" \/>\n\t<meta name=\"twitter:label2\" content=\"Szacowany czas czytania\" \/>\n\t<meta name=\"twitter:data2\" content=\"5 minut\" \/>\n<script type=\"application\/ld+json\" class=\"yoast-schema-graph\">{\"@context\":\"https:\\\/\\\/schema.org\",\"@graph\":[{\"@type\":\"Article\",\"@id\":\"https:\\\/\\\/www.chceuprawiacztobasens.pl\\\/index.php\\\/2026\\\/02\\\/23\\\/depresja-jako-stan-przeciazenia-perspektywa-doswiadczenia-i-mechanizmu\\\/#article\",\"isPartOf\":{\"@id\":\"https:\\\/\\\/www.chceuprawiacztobasens.pl\\\/index.php\\\/2026\\\/02\\\/23\\\/depresja-jako-stan-przeciazenia-perspektywa-doswiadczenia-i-mechanizmu\\\/\"},\"author\":{\"name\":\"Piotrek\",\"@id\":\"https:\\\/\\\/www.chceuprawiacztobasens.pl\\\/#\\\/schema\\\/person\\\/8ba4826cbf4753196297e73378121345\"},\"headline\":\"Depresja jako stan przeci\u0105\u017cenia: perspektywa do\u015bwiadczenia i mechanizmu\",\"datePublished\":\"2026-02-23T18:09:10+00:00\",\"dateModified\":\"2026-02-24T09:39:02+00:00\",\"mainEntityOfPage\":{\"@id\":\"https:\\\/\\\/www.chceuprawiacztobasens.pl\\\/index.php\\\/2026\\\/02\\\/23\\\/depresja-jako-stan-przeciazenia-perspektywa-doswiadczenia-i-mechanizmu\\\/\"},\"wordCount\":774,\"publisher\":{\"@id\":\"https:\\\/\\\/www.chceuprawiacztobasens.pl\\\/#\\\/schema\\\/person\\\/8ba4826cbf4753196297e73378121345\"},\"image\":{\"@id\":\"https:\\\/\\\/www.chceuprawiacztobasens.pl\\\/index.php\\\/2026\\\/02\\\/23\\\/depresja-jako-stan-przeciazenia-perspektywa-doswiadczenia-i-mechanizmu\\\/#primaryimage\"},\"thumbnailUrl\":\"https:\\\/\\\/www.chceuprawiacztobasens.pl\\\/wp-content\\\/uploads\\\/2026\\\/02\\\/img_2507.jpg\",\"keywords\":[\"cbt\",\"chce uprawiac z toba sens\",\"depresja\",\"dzie\u0144 walki z depresja\",\"neurobilogia\",\"psychologia\"],\"articleSection\":[\"neurobiologia\",\"psychologia\"],\"inLanguage\":\"pl-PL\"},{\"@type\":\"WebPage\",\"@id\":\"https:\\\/\\\/www.chceuprawiacztobasens.pl\\\/index.php\\\/2026\\\/02\\\/23\\\/depresja-jako-stan-przeciazenia-perspektywa-doswiadczenia-i-mechanizmu\\\/\",\"url\":\"https:\\\/\\\/www.chceuprawiacztobasens.pl\\\/index.php\\\/2026\\\/02\\\/23\\\/depresja-jako-stan-przeciazenia-perspektywa-doswiadczenia-i-mechanizmu\\\/\",\"name\":\"Depresja jako stan przeci\u0105\u017cenia: perspektywa do\u015bwiadczenia i mechanizmu - Chc\u0119 uprawia\u0107 z Tob\u0105 sens\",\"isPartOf\":{\"@id\":\"https:\\\/\\\/www.chceuprawiacztobasens.pl\\\/#website\"},\"primaryImageOfPage\":{\"@id\":\"https:\\\/\\\/www.chceuprawiacztobasens.pl\\\/index.php\\\/2026\\\/02\\\/23\\\/depresja-jako-stan-przeciazenia-perspektywa-doswiadczenia-i-mechanizmu\\\/#primaryimage\"},\"image\":{\"@id\":\"https:\\\/\\\/www.chceuprawiacztobasens.pl\\\/index.php\\\/2026\\\/02\\\/23\\\/depresja-jako-stan-przeciazenia-perspektywa-doswiadczenia-i-mechanizmu\\\/#primaryimage\"},\"thumbnailUrl\":\"https:\\\/\\\/www.chceuprawiacztobasens.pl\\\/wp-content\\\/uploads\\\/2026\\\/02\\\/img_2507.jpg\",\"datePublished\":\"2026-02-23T18:09:10+00:00\",\"dateModified\":\"2026-02-24T09:39:02+00:00\",\"breadcrumb\":{\"@id\":\"https:\\\/\\\/www.chceuprawiacztobasens.pl\\\/index.php\\\/2026\\\/02\\\/23\\\/depresja-jako-stan-przeciazenia-perspektywa-doswiadczenia-i-mechanizmu\\\/#breadcrumb\"},\"inLanguage\":\"pl-PL\",\"potentialAction\":[{\"@type\":\"ReadAction\",\"target\":[\"https:\\\/\\\/www.chceuprawiacztobasens.pl\\\/index.php\\\/2026\\\/02\\\/23\\\/depresja-jako-stan-przeciazenia-perspektywa-doswiadczenia-i-mechanizmu\\\/\"]}]},{\"@type\":\"ImageObject\",\"inLanguage\":\"pl-PL\",\"@id\":\"https:\\\/\\\/www.chceuprawiacztobasens.pl\\\/index.php\\\/2026\\\/02\\\/23\\\/depresja-jako-stan-przeciazenia-perspektywa-doswiadczenia-i-mechanizmu\\\/#primaryimage\",\"url\":\"https:\\\/\\\/www.chceuprawiacztobasens.pl\\\/wp-content\\\/uploads\\\/2026\\\/02\\\/img_2507.jpg\",\"contentUrl\":\"https:\\\/\\\/www.chceuprawiacztobasens.pl\\\/wp-content\\\/uploads\\\/2026\\\/02\\\/img_2507.jpg\",\"width\":1500,\"height\":2000},{\"@type\":\"BreadcrumbList\",\"@id\":\"https:\\\/\\\/www.chceuprawiacztobasens.pl\\\/index.php\\\/2026\\\/02\\\/23\\\/depresja-jako-stan-przeciazenia-perspektywa-doswiadczenia-i-mechanizmu\\\/#breadcrumb\",\"itemListElement\":[{\"@type\":\"ListItem\",\"position\":1,\"name\":\"Strona g\u0142\u00f3wna\",\"item\":\"https:\\\/\\\/www.chceuprawiacztobasens.pl\\\/\"},{\"@type\":\"ListItem\",\"position\":2,\"name\":\"Depresja jako stan przeci\u0105\u017cenia: perspektywa do\u015bwiadczenia i mechanizmu\"}]},{\"@type\":\"WebSite\",\"@id\":\"https:\\\/\\\/www.chceuprawiacztobasens.pl\\\/#website\",\"url\":\"https:\\\/\\\/www.chceuprawiacztobasens.pl\\\/\",\"name\":\"Chc\u0119 uprawia\u0107 z Tob\u0105 sens\",\"description\":\"Psychologia relacji w praktyce.\",\"publisher\":{\"@id\":\"https:\\\/\\\/www.chceuprawiacztobasens.pl\\\/#\\\/schema\\\/person\\\/8ba4826cbf4753196297e73378121345\"},\"potentialAction\":[{\"@type\":\"SearchAction\",\"target\":{\"@type\":\"EntryPoint\",\"urlTemplate\":\"https:\\\/\\\/www.chceuprawiacztobasens.pl\\\/?s={search_term_string}\"},\"query-input\":{\"@type\":\"PropertyValueSpecification\",\"valueRequired\":true,\"valueName\":\"search_term_string\"}}],\"inLanguage\":\"pl-PL\"},{\"@type\":[\"Person\",\"Organization\"],\"@id\":\"https:\\\/\\\/www.chceuprawiacztobasens.pl\\\/#\\\/schema\\\/person\\\/8ba4826cbf4753196297e73378121345\",\"name\":\"Piotrek\",\"image\":{\"@type\":\"ImageObject\",\"inLanguage\":\"pl-PL\",\"@id\":\"https:\\\/\\\/secure.gravatar.com\\\/avatar\\\/5ed4721d79240951eab4fbcb569f5e6e5ef3113a7b47f1f848e5be5be8013112?s=96&d=mm&r=g\",\"url\":\"https:\\\/\\\/secure.gravatar.com\\\/avatar\\\/5ed4721d79240951eab4fbcb569f5e6e5ef3113a7b47f1f848e5be5be8013112?s=96&d=mm&r=g\",\"contentUrl\":\"https:\\\/\\\/secure.gravatar.com\\\/avatar\\\/5ed4721d79240951eab4fbcb569f5e6e5ef3113a7b47f1f848e5be5be8013112?s=96&d=mm&r=g\",\"caption\":\"Piotrek\"},\"logo\":{\"@id\":\"https:\\\/\\\/secure.gravatar.com\\\/avatar\\\/5ed4721d79240951eab4fbcb569f5e6e5ef3113a7b47f1f848e5be5be8013112?s=96&d=mm&r=g\"},\"sameAs\":[\"http:\\\/\\\/www.chceuprawiacztobasens.pl\"],\"url\":\"https:\\\/\\\/www.chceuprawiacztobasens.pl\\\/index.php\\\/author\\\/admin\\\/\"}]}<\/script>\n<!-- \/ Yoast SEO plugin. -->","yoast_head_json":{"title":"Depresja jako stan przeci\u0105\u017cenia: perspektywa do\u015bwiadczenia i mechanizmu - Chc\u0119 uprawia\u0107 z Tob\u0105 sens","robots":{"index":"index","follow":"follow","max-snippet":"max-snippet:-1","max-image-preview":"max-image-preview:large","max-video-preview":"max-video-preview:-1"},"canonical":"https:\/\/www.chceuprawiacztobasens.pl\/index.php\/2026\/02\/23\/depresja-jako-stan-przeciazenia-perspektywa-doswiadczenia-i-mechanizmu\/","og_locale":"pl_PL","og_type":"article","og_title":"Depresja jako stan przeci\u0105\u017cenia: perspektywa do\u015bwiadczenia i mechanizmu - Chc\u0119 uprawia\u0107 z Tob\u0105 sens","og_description":"Depresja to nie s\u0142abo\u015b\u0107, lecz stan przeci\u0105\u017cenia uk\u0142adu nerwowego. Sprawd\u017a, jak rozumie\u0107 jej mechanizm i jak zacz\u0105\u0107 proces zdrowienia.","og_url":"https:\/\/www.chceuprawiacztobasens.pl\/index.php\/2026\/02\/23\/depresja-jako-stan-przeciazenia-perspektywa-doswiadczenia-i-mechanizmu\/","og_site_name":"Chc\u0119 uprawia\u0107 z Tob\u0105 sens","article_published_time":"2026-02-23T18:09:10+00:00","article_modified_time":"2026-02-24T09:39:02+00:00","og_image":[{"width":1500,"height":2000,"url":"https:\/\/www.chceuprawiacztobasens.pl\/wp-content\/uploads\/2026\/02\/img_2507.jpg","type":"image\/jpeg"}],"author":"Piotrek","twitter_card":"summary_large_image","twitter_misc":{"Napisane przez":"Piotrek","Szacowany czas czytania":"5 minut"},"schema":{"@context":"https:\/\/schema.org","@graph":[{"@type":"Article","@id":"https:\/\/www.chceuprawiacztobasens.pl\/index.php\/2026\/02\/23\/depresja-jako-stan-przeciazenia-perspektywa-doswiadczenia-i-mechanizmu\/#article","isPartOf":{"@id":"https:\/\/www.chceuprawiacztobasens.pl\/index.php\/2026\/02\/23\/depresja-jako-stan-przeciazenia-perspektywa-doswiadczenia-i-mechanizmu\/"},"author":{"name":"Piotrek","@id":"https:\/\/www.chceuprawiacztobasens.pl\/#\/schema\/person\/8ba4826cbf4753196297e73378121345"},"headline":"Depresja jako stan przeci\u0105\u017cenia: perspektywa do\u015bwiadczenia i mechanizmu","datePublished":"2026-02-23T18:09:10+00:00","dateModified":"2026-02-24T09:39:02+00:00","mainEntityOfPage":{"@id":"https:\/\/www.chceuprawiacztobasens.pl\/index.php\/2026\/02\/23\/depresja-jako-stan-przeciazenia-perspektywa-doswiadczenia-i-mechanizmu\/"},"wordCount":774,"publisher":{"@id":"https:\/\/www.chceuprawiacztobasens.pl\/#\/schema\/person\/8ba4826cbf4753196297e73378121345"},"image":{"@id":"https:\/\/www.chceuprawiacztobasens.pl\/index.php\/2026\/02\/23\/depresja-jako-stan-przeciazenia-perspektywa-doswiadczenia-i-mechanizmu\/#primaryimage"},"thumbnailUrl":"https:\/\/www.chceuprawiacztobasens.pl\/wp-content\/uploads\/2026\/02\/img_2507.jpg","keywords":["cbt","chce uprawiac z toba sens","depresja","dzie\u0144 walki z depresja","neurobilogia","psychologia"],"articleSection":["neurobiologia","psychologia"],"inLanguage":"pl-PL"},{"@type":"WebPage","@id":"https:\/\/www.chceuprawiacztobasens.pl\/index.php\/2026\/02\/23\/depresja-jako-stan-przeciazenia-perspektywa-doswiadczenia-i-mechanizmu\/","url":"https:\/\/www.chceuprawiacztobasens.pl\/index.php\/2026\/02\/23\/depresja-jako-stan-przeciazenia-perspektywa-doswiadczenia-i-mechanizmu\/","name":"Depresja jako stan przeci\u0105\u017cenia: perspektywa do\u015bwiadczenia i mechanizmu - Chc\u0119 uprawia\u0107 z Tob\u0105 sens","isPartOf":{"@id":"https:\/\/www.chceuprawiacztobasens.pl\/#website"},"primaryImageOfPage":{"@id":"https:\/\/www.chceuprawiacztobasens.pl\/index.php\/2026\/02\/23\/depresja-jako-stan-przeciazenia-perspektywa-doswiadczenia-i-mechanizmu\/#primaryimage"},"image":{"@id":"https:\/\/www.chceuprawiacztobasens.pl\/index.php\/2026\/02\/23\/depresja-jako-stan-przeciazenia-perspektywa-doswiadczenia-i-mechanizmu\/#primaryimage"},"thumbnailUrl":"https:\/\/www.chceuprawiacztobasens.pl\/wp-content\/uploads\/2026\/02\/img_2507.jpg","datePublished":"2026-02-23T18:09:10+00:00","dateModified":"2026-02-24T09:39:02+00:00","breadcrumb":{"@id":"https:\/\/www.chceuprawiacztobasens.pl\/index.php\/2026\/02\/23\/depresja-jako-stan-przeciazenia-perspektywa-doswiadczenia-i-mechanizmu\/#breadcrumb"},"inLanguage":"pl-PL","potentialAction":[{"@type":"ReadAction","target":["https:\/\/www.chceuprawiacztobasens.pl\/index.php\/2026\/02\/23\/depresja-jako-stan-przeciazenia-perspektywa-doswiadczenia-i-mechanizmu\/"]}]},{"@type":"ImageObject","inLanguage":"pl-PL","@id":"https:\/\/www.chceuprawiacztobasens.pl\/index.php\/2026\/02\/23\/depresja-jako-stan-przeciazenia-perspektywa-doswiadczenia-i-mechanizmu\/#primaryimage","url":"https:\/\/www.chceuprawiacztobasens.pl\/wp-content\/uploads\/2026\/02\/img_2507.jpg","contentUrl":"https:\/\/www.chceuprawiacztobasens.pl\/wp-content\/uploads\/2026\/02\/img_2507.jpg","width":1500,"height":2000},{"@type":"BreadcrumbList","@id":"https:\/\/www.chceuprawiacztobasens.pl\/index.php\/2026\/02\/23\/depresja-jako-stan-przeciazenia-perspektywa-doswiadczenia-i-mechanizmu\/#breadcrumb","itemListElement":[{"@type":"ListItem","position":1,"name":"Strona g\u0142\u00f3wna","item":"https:\/\/www.chceuprawiacztobasens.pl\/"},{"@type":"ListItem","position":2,"name":"Depresja jako stan przeci\u0105\u017cenia: perspektywa do\u015bwiadczenia i mechanizmu"}]},{"@type":"WebSite","@id":"https:\/\/www.chceuprawiacztobasens.pl\/#website","url":"https:\/\/www.chceuprawiacztobasens.pl\/","name":"Chc\u0119 uprawia\u0107 z Tob\u0105 sens","description":"Psychologia relacji w praktyce.","publisher":{"@id":"https:\/\/www.chceuprawiacztobasens.pl\/#\/schema\/person\/8ba4826cbf4753196297e73378121345"},"potentialAction":[{"@type":"SearchAction","target":{"@type":"EntryPoint","urlTemplate":"https:\/\/www.chceuprawiacztobasens.pl\/?s={search_term_string}"},"query-input":{"@type":"PropertyValueSpecification","valueRequired":true,"valueName":"search_term_string"}}],"inLanguage":"pl-PL"},{"@type":["Person","Organization"],"@id":"https:\/\/www.chceuprawiacztobasens.pl\/#\/schema\/person\/8ba4826cbf4753196297e73378121345","name":"Piotrek","image":{"@type":"ImageObject","inLanguage":"pl-PL","@id":"https:\/\/secure.gravatar.com\/avatar\/5ed4721d79240951eab4fbcb569f5e6e5ef3113a7b47f1f848e5be5be8013112?s=96&d=mm&r=g","url":"https:\/\/secure.gravatar.com\/avatar\/5ed4721d79240951eab4fbcb569f5e6e5ef3113a7b47f1f848e5be5be8013112?s=96&d=mm&r=g","contentUrl":"https:\/\/secure.gravatar.com\/avatar\/5ed4721d79240951eab4fbcb569f5e6e5ef3113a7b47f1f848e5be5be8013112?s=96&d=mm&r=g","caption":"Piotrek"},"logo":{"@id":"https:\/\/secure.gravatar.com\/avatar\/5ed4721d79240951eab4fbcb569f5e6e5ef3113a7b47f1f848e5be5be8013112?s=96&d=mm&r=g"},"sameAs":["http:\/\/www.chceuprawiacztobasens.pl"],"url":"https:\/\/www.chceuprawiacztobasens.pl\/index.php\/author\/admin\/"}]}},"jetpack_featured_media_url":"https:\/\/www.chceuprawiacztobasens.pl\/wp-content\/uploads\/2026\/02\/img_2507.jpg","jetpack_sharing_enabled":true,"_links":{"self":[{"href":"https:\/\/www.chceuprawiacztobasens.pl\/index.php\/wp-json\/wp\/v2\/posts\/1336","targetHints":{"allow":["GET"]}}],"collection":[{"href":"https:\/\/www.chceuprawiacztobasens.pl\/index.php\/wp-json\/wp\/v2\/posts"}],"about":[{"href":"https:\/\/www.chceuprawiacztobasens.pl\/index.php\/wp-json\/wp\/v2\/types\/post"}],"author":[{"embeddable":true,"href":"https:\/\/www.chceuprawiacztobasens.pl\/index.php\/wp-json\/wp\/v2\/users\/1"}],"replies":[{"embeddable":true,"href":"https:\/\/www.chceuprawiacztobasens.pl\/index.php\/wp-json\/wp\/v2\/comments?post=1336"}],"version-history":[{"count":3,"href":"https:\/\/www.chceuprawiacztobasens.pl\/index.php\/wp-json\/wp\/v2\/posts\/1336\/revisions"}],"predecessor-version":[{"id":1349,"href":"https:\/\/www.chceuprawiacztobasens.pl\/index.php\/wp-json\/wp\/v2\/posts\/1336\/revisions\/1349"}],"wp:featuredmedia":[{"embeddable":true,"href":"https:\/\/www.chceuprawiacztobasens.pl\/index.php\/wp-json\/wp\/v2\/media\/1340"}],"wp:attachment":[{"href":"https:\/\/www.chceuprawiacztobasens.pl\/index.php\/wp-json\/wp\/v2\/media?parent=1336"}],"wp:term":[{"taxonomy":"category","embeddable":true,"href":"https:\/\/www.chceuprawiacztobasens.pl\/index.php\/wp-json\/wp\/v2\/categories?post=1336"},{"taxonomy":"post_tag","embeddable":true,"href":"https:\/\/www.chceuprawiacztobasens.pl\/index.php\/wp-json\/wp\/v2\/tags?post=1336"}],"curies":[{"name":"wp","href":"https:\/\/api.w.org\/{rel}","templated":true}]}}